{"id":6488,"date":"2024-06-26T20:36:45","date_gmt":"2024-06-26T20:36:45","guid":{"rendered":"https:\/\/mafrigessos.pt\/sem-categoria\/in-training-with-the-mafra-volunteer-fire-brigadeem-formacao-com-os-bombeiros-voluntarios-de-mafra\/"},"modified":"2024-11-08T16:03:30","modified_gmt":"2024-11-08T16:03:30","slug":"in-training-with-the-mafra-volunteer-fire-brigadeem-formacao-com-os-bombeiros-voluntarios-de-mafra","status":"publish","type":"post","link":"https:\/\/mafrigessos.pt\/en\/sem-categoria\/in-training-with-the-mafra-volunteer-fire-brigadeem-formacao-com-os-bombeiros-voluntarios-de-mafra\/","title":{"rendered":"In training with the Mafra Volunteer Fire BrigadeEm forma\u00e7\u00e3o com os Bombeiros Volunt\u00e1rios de Mafra"},"content":{"rendered":"\t\t<div data-elementor-type=\"wp-post\" data-elementor-id=\"6488\" class=\"elementor elementor-6488\" data-elementor-post-type=\"post\">\n\t\t\t\t<div class=\"elementor-element elementor-element-4c142a73 e-flex e-con-boxed e-con e-parent\" data-id=\"4c142a73\" data-element_type=\"container\" data-e-type=\"container\">\n\t\t\t\t\t<div class=\"e-con-inner\">\n\t\t\t\t<div class=\"elementor-element elementor-element-9db8512 elementor-widget elementor-widget-text-editor\" data-id=\"9db8512\" data-element_type=\"widget\" data-e-type=\"widget\" data-settings=\"{&quot;_animation&quot;:&quot;none&quot;}\" data-widget_type=\"text-editor.default\">\n\t\t\t\t<div class=\"elementor-widget-container\">\n\t\t\t\t\t\t\t\t\t\n<p>We would like to thank the Mafrigessos team for the excellent training opportunity provided by the Mafra Volunteer Fire Brigade. We will undoubtedly benefit from all the theoretical and practical knowledge acquired so that as a company we can guarantee the safety of all our employees and customers.<\/p>\n\t\t\t\t\t\t\t\t<\/div>\n\t\t\t\t<\/div>\n\t\t\t\t\t<\/div>\n\t\t\t\t<\/div>\n\t\t\t\t<\/div>\n\t\t","protected":false},"excerpt":{"rendered":"<p>We would like to thank the Mafrigessos team for the excellent training opportunity provided by the Mafra Volunteer Fire Brigade. We will undoubtedly benefit from all the theoretical and practical knowledge acquired so that as a company we can guarantee the safety of all our employees and customers.  <\/p>\n","protected":false},"author":1,"featured_media":5422,"comment_status":"open","ping_status":"open","sticky":false,"template":"","format":"standard","meta":{"footnotes":""},"categories":[1],"tags":[],"class_list":["post-6488","post","type-post","status-publish","format-standard","has-post-thumbnail","hentry","category-sem-categoria"],"yoast_head":"<!-- This site is optimized with the Yoast SEO plugin v27.2 - https:\/\/yoast.com\/product\/yoast-seo-wordpress\/ -->\n<title>In training with the Mafra Volunteer Fire BrigadeEm forma\u00e7\u00e3o com os Bombeiros Volunt\u00e1rios de Mafra - Mafrigessos<\/title>\n<meta name=\"robots\" content=\"index, follow, max-snippet:-1, max-image-preview:large, max-video-preview:-1\" \/>\n<link rel=\"canonical\" href=\"https:\/\/mafrigessos.pt\/en\/sem-categoria\/in-training-with-the-mafra-volunteer-fire-brigadeem-formacao-com-os-bombeiros-voluntarios-de-mafra\/\" \/>\n<meta property=\"og:locale\" content=\"en_US\" \/>\n<meta property=\"og:type\" content=\"article\" \/>\n<meta property=\"og:title\" content=\"In training with the Mafra Volunteer Fire BrigadeEm forma\u00e7\u00e3o com os Bombeiros Volunt\u00e1rios de Mafra - Mafrigessos\" \/>\n<meta property=\"og:description\" content=\"We would like to thank the Mafrigessos team for the excellent training opportunity provided by the Mafra Volunteer Fire Brigade. We will undoubtedly benefit from all the theoretical and practical knowledge acquired so that as a company we can guarantee the safety of all our employees and customers.\" \/>\n<meta property=\"og:url\" content=\"https:\/\/mafrigessos.pt\/en\/sem-categoria\/in-training-with-the-mafra-volunteer-fire-brigadeem-formacao-com-os-bombeiros-voluntarios-de-mafra\/\" \/>\n<meta property=\"og:site_name\" content=\"Mafrigessos\" \/>\n<meta property=\"article:published_time\" content=\"2024-06-26T20:36:45+00:00\" \/>\n<meta property=\"article:modified_time\" content=\"2024-11-08T16:03:30+00:00\" \/>\n<meta property=\"og:image\" content=\"https:\/\/mafrigessos.pt\/wp-content\/uploads\/2024\/06\/438093323_955650616566547_7766990602351515684_n.jpg\" \/>\n\t<meta property=\"og:image:width\" content=\"2048\" \/>\n\t<meta property=\"og:image:height\" content=\"2042\" \/>\n\t<meta property=\"og:image:type\" content=\"image\/jpeg\" \/>\n<meta name=\"author\" content=\"admin\" \/>\n<meta name=\"twitter:card\" content=\"summary_large_image\" \/>\n<meta name=\"twitter:label1\" content=\"Written by\" \/>\n\t<meta name=\"twitter:data1\" content=\"admin\" \/>\n<script type=\"application\/ld+json\" class=\"yoast-schema-graph\">{\"@context\":\"https:\/\/schema.org\",\"@graph\":[{\"@type\":\"Article\",\"@id\":\"https:\/\/mafrigessos.pt\/en\/sem-categoria\/in-training-with-the-mafra-volunteer-fire-brigadeem-formacao-com-os-bombeiros-voluntarios-de-mafra\/#article\",\"isPartOf\":{\"@id\":\"https:\/\/mafrigessos.pt\/en\/sem-categoria\/in-training-with-the-mafra-volunteer-fire-brigadeem-formacao-com-os-bombeiros-voluntarios-de-mafra\/\"},\"author\":{\"name\":\"admin\",\"@id\":\"http:\/\/mafrigessos.pt\/en\/#\/schema\/person\/954d43c793188b91ff31ea229905f11d\"},\"headline\":\"In training with the Mafra Volunteer Fire BrigadeEm forma\u00e7\u00e3o com os Bombeiros Volunt\u00e1rios de Mafra\",\"datePublished\":\"2024-06-26T20:36:45+00:00\",\"dateModified\":\"2024-11-08T16:03:30+00:00\",\"mainEntityOfPage\":{\"@id\":\"https:\/\/mafrigessos.pt\/en\/sem-categoria\/in-training-with-the-mafra-volunteer-fire-brigadeem-formacao-com-os-bombeiros-voluntarios-de-mafra\/\"},\"wordCount\":65,\"commentCount\":0,\"publisher\":{\"@id\":\"http:\/\/mafrigessos.pt\/en\/#organization\"},\"image\":{\"@id\":\"https:\/\/mafrigessos.pt\/en\/sem-categoria\/in-training-with-the-mafra-volunteer-fire-brigadeem-formacao-com-os-bombeiros-voluntarios-de-mafra\/#primaryimage\"},\"thumbnailUrl\":\"https:\/\/mafrigessos.pt\/wp-content\/uploads\/2024\/06\/438093323_955650616566547_7766990602351515684_n.jpg\",\"articleSection\":[\"Sem categoria\"],\"inLanguage\":\"en-US\",\"potentialAction\":[{\"@type\":\"CommentAction\",\"name\":\"Comment\",\"target\":[\"https:\/\/mafrigessos.pt\/en\/sem-categoria\/in-training-with-the-mafra-volunteer-fire-brigadeem-formacao-com-os-bombeiros-voluntarios-de-mafra\/#respond\"]}]},{\"@type\":\"WebPage\",\"@id\":\"https:\/\/mafrigessos.pt\/en\/sem-categoria\/in-training-with-the-mafra-volunteer-fire-brigadeem-formacao-com-os-bombeiros-voluntarios-de-mafra\/\",\"url\":\"https:\/\/mafrigessos.pt\/en\/sem-categoria\/in-training-with-the-mafra-volunteer-fire-brigadeem-formacao-com-os-bombeiros-voluntarios-de-mafra\/\",\"name\":\"In training with the Mafra Volunteer Fire BrigadeEm forma\u00e7\u00e3o com os Bombeiros Volunt\u00e1rios de Mafra - Mafrigessos\",\"isPartOf\":{\"@id\":\"http:\/\/mafrigessos.pt\/en\/#website\"},\"primaryImageOfPage\":{\"@id\":\"https:\/\/mafrigessos.pt\/en\/sem-categoria\/in-training-with-the-mafra-volunteer-fire-brigadeem-formacao-com-os-bombeiros-voluntarios-de-mafra\/#primaryimage\"},\"image\":{\"@id\":\"https:\/\/mafrigessos.pt\/en\/sem-categoria\/in-training-with-the-mafra-volunteer-fire-brigadeem-formacao-com-os-bombeiros-voluntarios-de-mafra\/#primaryimage\"},\"thumbnailUrl\":\"https:\/\/mafrigessos.pt\/wp-content\/uploads\/2024\/06\/438093323_955650616566547_7766990602351515684_n.jpg\",\"datePublished\":\"2024-06-26T20:36:45+00:00\",\"dateModified\":\"2024-11-08T16:03:30+00:00\",\"breadcrumb\":{\"@id\":\"https:\/\/mafrigessos.pt\/en\/sem-categoria\/in-training-with-the-mafra-volunteer-fire-brigadeem-formacao-com-os-bombeiros-voluntarios-de-mafra\/#breadcrumb\"},\"inLanguage\":\"en-US\",\"potentialAction\":[{\"@type\":\"ReadAction\",\"target\":[\"https:\/\/mafrigessos.pt\/en\/sem-categoria\/in-training-with-the-mafra-volunteer-fire-brigadeem-formacao-com-os-bombeiros-voluntarios-de-mafra\/\"]}]},{\"@type\":\"ImageObject\",\"inLanguage\":\"en-US\",\"@id\":\"https:\/\/mafrigessos.pt\/en\/sem-categoria\/in-training-with-the-mafra-volunteer-fire-brigadeem-formacao-com-os-bombeiros-voluntarios-de-mafra\/#primaryimage\",\"url\":\"https:\/\/mafrigessos.pt\/wp-content\/uploads\/2024\/06\/438093323_955650616566547_7766990602351515684_n.jpg\",\"contentUrl\":\"https:\/\/mafrigessos.pt\/wp-content\/uploads\/2024\/06\/438093323_955650616566547_7766990602351515684_n.jpg\",\"width\":2048,\"height\":2042,\"caption\":\"Web\"},{\"@type\":\"BreadcrumbList\",\"@id\":\"https:\/\/mafrigessos.pt\/en\/sem-categoria\/in-training-with-the-mafra-volunteer-fire-brigadeem-formacao-com-os-bombeiros-voluntarios-de-mafra\/#breadcrumb\",\"itemListElement\":[{\"@type\":\"ListItem\",\"position\":1,\"name\":\"In\u00edcio\",\"item\":\"http:\/\/mafrigessos.pt\/en\/\"},{\"@type\":\"ListItem\",\"position\":2,\"name\":\"In training with the Mafra Volunteer Fire BrigadeEm forma\u00e7\u00e3o com os Bombeiros Volunt\u00e1rios de Mafra\"}]},{\"@type\":\"WebSite\",\"@id\":\"http:\/\/mafrigessos.pt\/en\/#website\",\"url\":\"http:\/\/mafrigessos.pt\/en\/\",\"name\":\"Mafrigessos\",\"description\":\"\",\"publisher\":{\"@id\":\"http:\/\/mafrigessos.pt\/en\/#organization\"},\"potentialAction\":[{\"@type\":\"SearchAction\",\"target\":{\"@type\":\"EntryPoint\",\"urlTemplate\":\"http:\/\/mafrigessos.pt\/en\/?s={search_term_string}\"},\"query-input\":{\"@type\":\"PropertyValueSpecification\",\"valueRequired\":true,\"valueName\":\"search_term_string\"}}],\"inLanguage\":\"en-US\"},{\"@type\":\"Organization\",\"@id\":\"http:\/\/mafrigessos.pt\/en\/#organization\",\"name\":\"Mafrigessos\",\"url\":\"http:\/\/mafrigessos.pt\/en\/\",\"logo\":{\"@type\":\"ImageObject\",\"inLanguage\":\"en-US\",\"@id\":\"http:\/\/mafrigessos.pt\/en\/#\/schema\/logo\/image\/\",\"url\":\"https:\/\/mafrigessos.pt\/wp-content\/uploads\/2024\/02\/Logo-site-scaled.jpg\",\"contentUrl\":\"https:\/\/mafrigessos.pt\/wp-content\/uploads\/2024\/02\/Logo-site-scaled.jpg\",\"width\":2560,\"height\":1296,\"caption\":\"Mafrigessos\"},\"image\":{\"@id\":\"http:\/\/mafrigessos.pt\/en\/#\/schema\/logo\/image\/\"}},{\"@type\":\"Person\",\"@id\":\"http:\/\/mafrigessos.pt\/en\/#\/schema\/person\/954d43c793188b91ff31ea229905f11d\",\"name\":\"admin\",\"image\":{\"@type\":\"ImageObject\",\"inLanguage\":\"en-US\",\"@id\":\"https:\/\/secure.gravatar.com\/avatar\/fccc97578256133663d51f3992b1f06c629c0b1181f636fd8e794047df2a1a99?s=96&d=mm&r=g\",\"url\":\"https:\/\/secure.gravatar.com\/avatar\/fccc97578256133663d51f3992b1f06c629c0b1181f636fd8e794047df2a1a99?s=96&d=mm&r=g\",\"contentUrl\":\"https:\/\/secure.gravatar.com\/avatar\/fccc97578256133663d51f3992b1f06c629c0b1181f636fd8e794047df2a1a99?s=96&d=mm&r=g\",\"caption\":\"admin\"},\"sameAs\":[\"http:\/\/mafrigessos.pt\"],\"url\":\"https:\/\/mafrigessos.pt\/en\/author\/admin\/\"}]}<\/script>\n<!-- \/ Yoast SEO plugin. -->","yoast_head_json":{"title":"In training with the Mafra Volunteer Fire BrigadeEm forma\u00e7\u00e3o com os Bombeiros Volunt\u00e1rios de Mafra - Mafrigessos","robots":{"index":"index","follow":"follow","max-snippet":"max-snippet:-1","max-image-preview":"max-image-preview:large","max-video-preview":"max-video-preview:-1"},"canonical":"https:\/\/mafrigessos.pt\/en\/sem-categoria\/in-training-with-the-mafra-volunteer-fire-brigadeem-formacao-com-os-bombeiros-voluntarios-de-mafra\/","og_locale":"en_US","og_type":"article","og_title":"In training with the Mafra Volunteer Fire BrigadeEm forma\u00e7\u00e3o com os Bombeiros Volunt\u00e1rios de Mafra - Mafrigessos","og_description":"We would like to thank the Mafrigessos team for the excellent training opportunity provided by the Mafra Volunteer Fire Brigade. We will undoubtedly benefit from all the theoretical and practical knowledge acquired so that as a company we can guarantee the safety of all our employees and customers.","og_url":"https:\/\/mafrigessos.pt\/en\/sem-categoria\/in-training-with-the-mafra-volunteer-fire-brigadeem-formacao-com-os-bombeiros-voluntarios-de-mafra\/","og_site_name":"Mafrigessos","article_published_time":"2024-06-26T20:36:45+00:00","article_modified_time":"2024-11-08T16:03:30+00:00","og_image":[{"width":2048,"height":2042,"url":"https:\/\/mafrigessos.pt\/wp-content\/uploads\/2024\/06\/438093323_955650616566547_7766990602351515684_n.jpg","type":"image\/jpeg"}],"author":"admin","twitter_card":"summary_large_image","twitter_misc":{"Written by":"admin"},"schema":{"@context":"https:\/\/schema.org","@graph":[{"@type":"Article","@id":"https:\/\/mafrigessos.pt\/en\/sem-categoria\/in-training-with-the-mafra-volunteer-fire-brigadeem-formacao-com-os-bombeiros-voluntarios-de-mafra\/#article","isPartOf":{"@id":"https:\/\/mafrigessos.pt\/en\/sem-categoria\/in-training-with-the-mafra-volunteer-fire-brigadeem-formacao-com-os-bombeiros-voluntarios-de-mafra\/"},"author":{"name":"admin","@id":"http:\/\/mafrigessos.pt\/en\/#\/schema\/person\/954d43c793188b91ff31ea229905f11d"},"headline":"In training with the Mafra Volunteer Fire BrigadeEm forma\u00e7\u00e3o com os Bombeiros Volunt\u00e1rios de Mafra","datePublished":"2024-06-26T20:36:45+00:00","dateModified":"2024-11-08T16:03:30+00:00","mainEntityOfPage":{"@id":"https:\/\/mafrigessos.pt\/en\/sem-categoria\/in-training-with-the-mafra-volunteer-fire-brigadeem-formacao-com-os-bombeiros-voluntarios-de-mafra\/"},"wordCount":65,"commentCount":0,"publisher":{"@id":"http:\/\/mafrigessos.pt\/en\/#organization"},"image":{"@id":"https:\/\/mafrigessos.pt\/en\/sem-categoria\/in-training-with-the-mafra-volunteer-fire-brigadeem-formacao-com-os-bombeiros-voluntarios-de-mafra\/#primaryimage"},"thumbnailUrl":"https:\/\/mafrigessos.pt\/wp-content\/uploads\/2024\/06\/438093323_955650616566547_7766990602351515684_n.jpg","articleSection":["Sem categoria"],"inLanguage":"en-US","potentialAction":[{"@type":"CommentAction","name":"Comment","target":["https:\/\/mafrigessos.pt\/en\/sem-categoria\/in-training-with-the-mafra-volunteer-fire-brigadeem-formacao-com-os-bombeiros-voluntarios-de-mafra\/#respond"]}]},{"@type":"WebPage","@id":"https:\/\/mafrigessos.pt\/en\/sem-categoria\/in-training-with-the-mafra-volunteer-fire-brigadeem-formacao-com-os-bombeiros-voluntarios-de-mafra\/","url":"https:\/\/mafrigessos.pt\/en\/sem-categoria\/in-training-with-the-mafra-volunteer-fire-brigadeem-formacao-com-os-bombeiros-voluntarios-de-mafra\/","name":"In training with the Mafra Volunteer Fire BrigadeEm forma\u00e7\u00e3o com os Bombeiros Volunt\u00e1rios de Mafra - Mafrigessos","isPartOf":{"@id":"http:\/\/mafrigessos.pt\/en\/#website"},"primaryImageOfPage":{"@id":"https:\/\/mafrigessos.pt\/en\/sem-categoria\/in-training-with-the-mafra-volunteer-fire-brigadeem-formacao-com-os-bombeiros-voluntarios-de-mafra\/#primaryimage"},"image":{"@id":"https:\/\/mafrigessos.pt\/en\/sem-categoria\/in-training-with-the-mafra-volunteer-fire-brigadeem-formacao-com-os-bombeiros-voluntarios-de-mafra\/#primaryimage"},"thumbnailUrl":"https:\/\/mafrigessos.pt\/wp-content\/uploads\/2024\/06\/438093323_955650616566547_7766990602351515684_n.jpg","datePublished":"2024-06-26T20:36:45+00:00","dateModified":"2024-11-08T16:03:30+00:00","breadcrumb":{"@id":"https:\/\/mafrigessos.pt\/en\/sem-categoria\/in-training-with-the-mafra-volunteer-fire-brigadeem-formacao-com-os-bombeiros-voluntarios-de-mafra\/#breadcrumb"},"inLanguage":"en-US","potentialAction":[{"@type":"ReadAction","target":["https:\/\/mafrigessos.pt\/en\/sem-categoria\/in-training-with-the-mafra-volunteer-fire-brigadeem-formacao-com-os-bombeiros-voluntarios-de-mafra\/"]}]},{"@type":"ImageObject","inLanguage":"en-US","@id":"https:\/\/mafrigessos.pt\/en\/sem-categoria\/in-training-with-the-mafra-volunteer-fire-brigadeem-formacao-com-os-bombeiros-voluntarios-de-mafra\/#primaryimage","url":"https:\/\/mafrigessos.pt\/wp-content\/uploads\/2024\/06\/438093323_955650616566547_7766990602351515684_n.jpg","contentUrl":"https:\/\/mafrigessos.pt\/wp-content\/uploads\/2024\/06\/438093323_955650616566547_7766990602351515684_n.jpg","width":2048,"height":2042,"caption":"Web"},{"@type":"BreadcrumbList","@id":"https:\/\/mafrigessos.pt\/en\/sem-categoria\/in-training-with-the-mafra-volunteer-fire-brigadeem-formacao-com-os-bombeiros-voluntarios-de-mafra\/#breadcrumb","itemListElement":[{"@type":"ListItem","position":1,"name":"In\u00edcio","item":"http:\/\/mafrigessos.pt\/en\/"},{"@type":"ListItem","position":2,"name":"In training with the Mafra Volunteer Fire BrigadeEm forma\u00e7\u00e3o com os Bombeiros Volunt\u00e1rios de Mafra"}]},{"@type":"WebSite","@id":"http:\/\/mafrigessos.pt\/en\/#website","url":"http:\/\/mafrigessos.pt\/en\/","name":"Mafrigessos","description":"","publisher":{"@id":"http:\/\/mafrigessos.pt\/en\/#organization"},"potentialAction":[{"@type":"SearchAction","target":{"@type":"EntryPoint","urlTemplate":"http:\/\/mafrigessos.pt\/en\/?s={search_term_string}"},"query-input":{"@type":"PropertyValueSpecification","valueRequired":true,"valueName":"search_term_string"}}],"inLanguage":"en-US"},{"@type":"Organization","@id":"http:\/\/mafrigessos.pt\/en\/#organization","name":"Mafrigessos","url":"http:\/\/mafrigessos.pt\/en\/","logo":{"@type":"ImageObject","inLanguage":"en-US","@id":"http:\/\/mafrigessos.pt\/en\/#\/schema\/logo\/image\/","url":"https:\/\/mafrigessos.pt\/wp-content\/uploads\/2024\/02\/Logo-site-scaled.jpg","contentUrl":"https:\/\/mafrigessos.pt\/wp-content\/uploads\/2024\/02\/Logo-site-scaled.jpg","width":2560,"height":1296,"caption":"Mafrigessos"},"image":{"@id":"http:\/\/mafrigessos.pt\/en\/#\/schema\/logo\/image\/"}},{"@type":"Person","@id":"http:\/\/mafrigessos.pt\/en\/#\/schema\/person\/954d43c793188b91ff31ea229905f11d","name":"admin","image":{"@type":"ImageObject","inLanguage":"en-US","@id":"https:\/\/secure.gravatar.com\/avatar\/fccc97578256133663d51f3992b1f06c629c0b1181f636fd8e794047df2a1a99?s=96&d=mm&r=g","url":"https:\/\/secure.gravatar.com\/avatar\/fccc97578256133663d51f3992b1f06c629c0b1181f636fd8e794047df2a1a99?s=96&d=mm&r=g","contentUrl":"https:\/\/secure.gravatar.com\/avatar\/fccc97578256133663d51f3992b1f06c629c0b1181f636fd8e794047df2a1a99?s=96&d=mm&r=g","caption":"admin"},"sameAs":["http:\/\/mafrigessos.pt"],"url":"https:\/\/mafrigessos.pt\/en\/author\/admin\/"}]}},"_links":{"self":[{"href":"https:\/\/mafrigessos.pt\/en\/wp-json\/wp\/v2\/posts\/6488","targetHints":{"allow":["GET"]}}],"collection":[{"href":"https:\/\/mafrigessos.pt\/en\/wp-json\/wp\/v2\/posts"}],"about":[{"href":"https:\/\/mafrigessos.pt\/en\/wp-json\/wp\/v2\/types\/post"}],"author":[{"embeddable":true,"href":"https:\/\/mafrigessos.pt\/en\/wp-json\/wp\/v2\/users\/1"}],"replies":[{"embeddable":true,"href":"https:\/\/mafrigessos.pt\/en\/wp-json\/wp\/v2\/comments?post=6488"}],"version-history":[{"count":3,"href":"https:\/\/mafrigessos.pt\/en\/wp-json\/wp\/v2\/posts\/6488\/revisions"}],"predecessor-version":[{"id":6491,"href":"https:\/\/mafrigessos.pt\/en\/wp-json\/wp\/v2\/posts\/6488\/revisions\/6491"}],"wp:featuredmedia":[{"embeddable":true,"href":"https:\/\/mafrigessos.pt\/en\/wp-json\/wp\/v2\/media\/5422"}],"wp:attachment":[{"href":"https:\/\/mafrigessos.pt\/en\/wp-json\/wp\/v2\/media?parent=6488"}],"wp:term":[{"taxonomy":"category","embeddable":true,"href":"https:\/\/mafrigessos.pt\/en\/wp-json\/wp\/v2\/categories?post=6488"},{"taxonomy":"post_tag","embeddable":true,"href":"https:\/\/mafrigessos.pt\/en\/wp-json\/wp\/v2\/tags?post=6488"}],"curies":[{"name":"wp","href":"https:\/\/api.w.org\/{rel}","templated":true}]}}